{"id":33481,"date":"2026-09-01T15:00:49","date_gmt":"2026-09-01T13:00:49","guid":{"rendered":"https:\/\/www.hmk-aem.ch\/nous-sommes-de-toute-facon-meprises\/"},"modified":"2026-09-01T15:08:02","modified_gmt":"2026-09-01T13:08:02","slug":"nous-sommes-de-toute-facon-meprises","status":"publish","type":"post","link":"https:\/\/www.hmk-aem.ch\/fr\/nous-sommes-de-toute-facon-meprises\/","title":{"rendered":"\u00abNous sommes de toute fa\u00e7on m\u00e9pris\u00e9s\u00bb"},"content":{"rendered":"\t\t<div data-elementor-type=\"wp-post\" data-elementor-id=\"33481\" class=\"elementor elementor-33481 elementor-33473\" data-elementor-post-type=\"post\">\n\t\t\t\t\t\t<section class=\"elementor-section elementor-top-section elementor-element elementor-element-2d5f36b0 elementor-section-boxed elementor-section-height-default elementor-section-height-default\" data-id=\"2d5f36b0\" data-element_type=\"section\" data-e-type=\"section\">\n\t\t\t\t\t\t<div class=\"elementor-container elementor-column-gap-default\">\n\t\t\t\t\t<div class=\"elementor-column elementor-col-100 elementor-top-column elementor-element elementor-element-42c28c95\" data-id=\"42c28c95\" data-element_type=\"column\" data-e-type=\"column\">\n\t\t\t<div class=\"elementor-widget-wrap elementor-element-populated\">\n\t\t\t\t\t\t<div class=\"elementor-element elementor-element-4e3c5941 elementor-widget elementor-widget-text-editor\" data-id=\"4e3c5941\" data-element_type=\"widget\" data-e-type=\"widget\" data-widget_type=\"text-editor.default\">\n\t\t\t\t<div class=\"elementor-widget-container\">\n\t\t\t\t\t\t\t\t\t<p><strong>Peuples turcs:<\/strong> Le pasteur Farrukh* dirige une communaut\u00e9 au Karakalpakstan de plus de cinquante personnes sourdes. Ce minist\u00e8re, qui l\u2019occupe beaucoup, ne lui permet pas de trouver un travail r\u00e9mun\u00e9r\u00e9 pour subvenir aux besoins de sa famille. C\u2019est pourquoi nous l\u2019avons aid\u00e9 en lui offrant deux vaches, dont l\u2019une \u00e9tait gestante. La vente du lait leur permet d\u00e9sormais, \u00e0 sa famille et lui, de survivre. N\u00e9anmoins, ses revenus restent tr\u00e8s limit\u00e9s; il souhaiterait acheter d\u2019autres vaches.     <\/p><p>Au Karakalpakstan, les personnes sourdes sont rejet\u00e9es par la soci\u00e9t\u00e9. On pr\u00e9tend qu\u2019Allah les a maudites. Cela vaut \u00e9galement pour leurs enfants, bien qu\u2019ils soient entendants. Beaucoup d\u2019entre eux ne vont pas \u00e0 l\u2019\u00e9cole, car les autres \u00e9l\u00e8ves se moquent d\u2019eux.   <\/p><p>Les enfants de Farrukh et de sa femme s\u2019engagent pour eux. Ils leur proposent un enseignement scolaire dans un environnement prot\u00e9g\u00e9. Malheureusement, ils ne disposent pas encore d\u2019un local adapt\u00e9. Ils ont besoin d\u2019un soutien suppl\u00e9mentaire pour d\u00e9velopper cette activit\u00e9.   <\/p><p>Les chr\u00e9tiens traitent les personnes sourdes avec amour et acceptation, et non avec rejet comme le fait la soci\u00e9t\u00e9. C\u2019est pourquoi de nombreuses personnes sourdes sont ouvertes \u00e0 l\u2019\u00c9vangile. Lorsqu\u2019elles changent de foi, elles se moquent du d\u00e9dain des autres pour cela, car elles sont de toute fa\u00e7on m\u00e9pris\u00e9es.  <\/p><p>Avec <strong>50.\u2013 francs<\/strong>, vous soutenez durant un mois en Asie centrale le minist\u00e8re d\u2019un fondateur d\u2019\u00e9glises comme Farrukh. Merci beaucoup! <\/p><div><p><em>* Le pr\u00e9nom a \u00e9t\u00e9 modifi\u00e9, image symbolique<\/em><\/p><\/div>\t\t\t\t\t\t\t\t<\/div>\n\t\t\t\t<\/div>\n\t\t\t\t\t<\/div>\n\t\t<\/div>\n\t\t\t\t\t<\/div>\n\t\t<\/section>\n\t\t\t\t<\/div>\n\t\t","protected":false},"excerpt":{"rendered":"<p>Peuples turcs: Le pasteur Farrukh* dirige une communaut\u00e9 au Karakalpakstan de plus de cinquante personnes sourdes. Ce minist\u00e8re, qui l\u2019occupe beaucoup, ne lui permet pas de trouver un travail r\u00e9mun\u00e9r\u00e9 pour subvenir aux besoins de sa famille. C\u2019est pourquoi nous l\u2019avons aid\u00e9 en lui offrant deux vaches, dont l\u2019une \u00e9tait gestante. La vente du lait [&hellip;]<\/p>\n","protected":false},"author":1,"featured_media":33476,"comment_status":"closed","ping_status":"closed","sticky":false,"template":"","format":"standard","meta":{"_acf_changed":false,"inline_featured_image":false,"footnotes":""},"categories":[1138,3579,1184,1896],"tags":[2953,2462,1716,1394,1578,1423,1162,1163,3582,1281,3580,3581,2955,3320],"class_list":["post-33481","post","type-post","status-publish","format-standard","has-post-thumbnail","hentry","category-asie-centrale","category-peuples-turcs","category-soutien-aux-communautes-et-aux-eglises-fr","category-temoignages","tag-affaires","tag-business","tag-commune","tag-ecole","tag-enfants","tag-hmk-fr","tag-hmk-aem-fr","tag-hmk-suisse","tag-lait","tag-pasteur","tag-sourds","tag-sourds-muets","tag-start-up-fr","tag-vache"],"acf":[],"yoast_head":"<!-- This site is optimized with the Yoast SEO plugin v28.4 - https:\/\/yoast.com\/product\/yoast-seo-wordpress\/ -->\n<title>\u00abNous sommes de toute fa\u00e7on m\u00e9pris\u00e9s\u00bb - A\u00c9M<\/title>\n<meta name=\"robots\" content=\"index, follow, max-snippet:-1, max-image-preview:large, max-video-preview:-1\" \/>\n<link rel=\"canonical\" href=\"https:\/\/www.hmk-aem.ch\/fr\/nous-sommes-de-toute-facon-meprises\/\" \/>\n<meta property=\"og:locale\" content=\"fr_FR\" \/>\n<meta property=\"og:type\" content=\"article\" \/>\n<meta property=\"og:title\" content=\"\u00abNous sommes de toute fa\u00e7on m\u00e9pris\u00e9s\u00bb - A\u00c9M\" \/>\n<meta property=\"og:description\" content=\"Peuples turcs: Le pasteur Farrukh* dirige une communaut\u00e9 au Karakalpakstan de plus de cinquante personnes sourdes. Ce minist\u00e8re, qui l\u2019occupe beaucoup, ne lui permet pas de trouver un travail r\u00e9mun\u00e9r\u00e9 pour subvenir aux besoins de sa famille. C\u2019est pourquoi nous l\u2019avons aid\u00e9 en lui offrant deux vaches, dont l\u2019une \u00e9tait gestante. La vente du lait [&hellip;]\" \/>\n<meta property=\"og:url\" content=\"https:\/\/www.hmk-aem.ch\/fr\/nous-sommes-de-toute-facon-meprises\/\" \/>\n<meta property=\"og:site_name\" content=\"A\u00c9M\" \/>\n<meta property=\"article:publisher\" content=\"https:\/\/www.facebook.com\/HMKSchweiz\" \/>\n<meta property=\"article:published_time\" content=\"2026-09-01T13:00:49+00:00\" \/>\n<meta property=\"article:modified_time\" content=\"2026-09-01T13:08:02+00:00\" \/>\n<meta property=\"og:image\" content=\"https:\/\/www.hmk-aem.ch\/wp-content\/uploads\/2026\/09\/iStock-2156533060.jpg\" \/>\n\t<meta property=\"og:image:width\" content=\"1777\" \/>\n\t<meta property=\"og:image:height\" content=\"1000\" \/>\n\t<meta property=\"og:image:type\" content=\"image\/jpeg\" \/>\n<meta name=\"author\" content=\"admin\" \/>\n<meta name=\"twitter:card\" content=\"summary_large_image\" \/>\n<meta name=\"twitter:label1\" content=\"\u00c9crit par\" \/>\n\t<meta name=\"twitter:data1\" content=\"admin\" \/>\n\t<meta name=\"twitter:label2\" content=\"Dur\u00e9e de lecture estim\u00e9e\" \/>\n\t<meta name=\"twitter:data2\" content=\"1 minute\" \/>\n<script type=\"application\/ld+json\" class=\"yoast-schema-graph\">{\"@context\":\"https:\\\/\\\/schema.org\",\"@graph\":[{\"@type\":\"Article\",\"@id\":\"https:\\\/\\\/www.hmk-aem.ch\\\/fr\\\/nous-sommes-de-toute-facon-meprises\\\/#article\",\"isPartOf\":{\"@id\":\"https:\\\/\\\/www.hmk-aem.ch\\\/fr\\\/nous-sommes-de-toute-facon-meprises\\\/\"},\"author\":{\"name\":\"admin\",\"@id\":\"https:\\\/\\\/www.hmk-aem.ch\\\/fr\\\/#\\\/schema\\\/person\\\/8f5be306ae02fa2dad2ff607d70c08d9\"},\"headline\":\"\u00abNous sommes de toute fa\u00e7on m\u00e9pris\u00e9s\u00bb\",\"datePublished\":\"2026-09-01T13:00:49+00:00\",\"dateModified\":\"2026-09-01T13:08:02+00:00\",\"mainEntityOfPage\":{\"@id\":\"https:\\\/\\\/www.hmk-aem.ch\\\/fr\\\/nous-sommes-de-toute-facon-meprises\\\/\"},\"wordCount\":278,\"publisher\":{\"@id\":\"https:\\\/\\\/www.hmk-aem.ch\\\/fr\\\/#organization\"},\"image\":{\"@id\":\"https:\\\/\\\/www.hmk-aem.ch\\\/fr\\\/nous-sommes-de-toute-facon-meprises\\\/#primaryimage\"},\"thumbnailUrl\":\"https:\\\/\\\/www.hmk-aem.ch\\\/wp-content\\\/uploads\\\/2026\\\/09\\\/iStock-2156533060.jpg\",\"keywords\":[\"affaires\",\"business\",\"Commune\",\"\u00c9cole\",\"Enfants\",\"HMK\",\"HMK AEM\",\"HMK Suisse\",\"lait\",\"Pasteur\",\"sourds\",\"sourds-muets\",\"Start-up\",\"vache\"],\"articleSection\":[\"Asie centrale\",\"Peuples turcs\",\"Soutien aux communaut\u00e9s et aux \u00e9glises\",\"T\u00e9moignages\"],\"inLanguage\":\"fr-FR\"},{\"@type\":\"WebPage\",\"@id\":\"https:\\\/\\\/www.hmk-aem.ch\\\/fr\\\/nous-sommes-de-toute-facon-meprises\\\/\",\"url\":\"https:\\\/\\\/www.hmk-aem.ch\\\/fr\\\/nous-sommes-de-toute-facon-meprises\\\/\",\"name\":\"\u00abNous sommes de toute fa\u00e7on m\u00e9pris\u00e9s\u00bb - A\u00c9M\",\"isPartOf\":{\"@id\":\"https:\\\/\\\/www.hmk-aem.ch\\\/fr\\\/#website\"},\"primaryImageOfPage\":{\"@id\":\"https:\\\/\\\/www.hmk-aem.ch\\\/fr\\\/nous-sommes-de-toute-facon-meprises\\\/#primaryimage\"},\"image\":{\"@id\":\"https:\\\/\\\/www.hmk-aem.ch\\\/fr\\\/nous-sommes-de-toute-facon-meprises\\\/#primaryimage\"},\"thumbnailUrl\":\"https:\\\/\\\/www.hmk-aem.ch\\\/wp-content\\\/uploads\\\/2026\\\/09\\\/iStock-2156533060.jpg\",\"datePublished\":\"2026-09-01T13:00:49+00:00\",\"dateModified\":\"2026-09-01T13:08:02+00:00\",\"breadcrumb\":{\"@id\":\"https:\\\/\\\/www.hmk-aem.ch\\\/fr\\\/nous-sommes-de-toute-facon-meprises\\\/#breadcrumb\"},\"inLanguage\":\"fr-FR\",\"potentialAction\":[{\"@type\":\"ReadAction\",\"target\":[\"https:\\\/\\\/www.hmk-aem.ch\\\/fr\\\/nous-sommes-de-toute-facon-meprises\\\/\"]}]},{\"@type\":\"ImageObject\",\"inLanguage\":\"fr-FR\",\"@id\":\"https:\\\/\\\/www.hmk-aem.ch\\\/fr\\\/nous-sommes-de-toute-facon-meprises\\\/#primaryimage\",\"url\":\"https:\\\/\\\/www.hmk-aem.ch\\\/wp-content\\\/uploads\\\/2026\\\/09\\\/iStock-2156533060.jpg\",\"contentUrl\":\"https:\\\/\\\/www.hmk-aem.ch\\\/wp-content\\\/uploads\\\/2026\\\/09\\\/iStock-2156533060.jpg\",\"width\":1777,\"height\":1000,\"caption\":\"2156533060\"},{\"@type\":\"BreadcrumbList\",\"@id\":\"https:\\\/\\\/www.hmk-aem.ch\\\/fr\\\/nous-sommes-de-toute-facon-meprises\\\/#breadcrumb\",\"itemListElement\":[{\"@type\":\"ListItem\",\"position\":1,\"name\":\"Startseite\",\"item\":\"https:\\\/\\\/www.hmk-aem.ch\\\/fr\\\/\"},{\"@type\":\"ListItem\",\"position\":2,\"name\":\"\u00abNous sommes de toute fa\u00e7on m\u00e9pris\u00e9s\u00bb\"}]},{\"@type\":\"WebSite\",\"@id\":\"https:\\\/\\\/www.hmk-aem.ch\\\/fr\\\/#website\",\"url\":\"https:\\\/\\\/www.hmk-aem.ch\\\/fr\\\/\",\"name\":\"HMK \u2013 Hilfe f\u00fcr Mensch und Kirche\",\"description\":\"Aide \u00e0 l&#039;homme et \u00e0 l&#039;\u00c9glise\",\"publisher\":{\"@id\":\"https:\\\/\\\/www.hmk-aem.ch\\\/fr\\\/#organization\"},\"potentialAction\":[{\"@type\":\"SearchAction\",\"target\":{\"@type\":\"EntryPoint\",\"urlTemplate\":\"https:\\\/\\\/www.hmk-aem.ch\\\/fr\\\/?s={search_term_string}\"},\"query-input\":{\"@type\":\"PropertyValueSpecification\",\"valueRequired\":true,\"valueName\":\"search_term_string\"}}],\"inLanguage\":\"fr-FR\"},{\"@type\":\"Organization\",\"@id\":\"https:\\\/\\\/www.hmk-aem.ch\\\/fr\\\/#organization\",\"name\":\"HMK \u2013 Hilfe f\u00fcr Mensch und Kirche\",\"url\":\"https:\\\/\\\/www.hmk-aem.ch\\\/fr\\\/\",\"logo\":{\"@type\":\"ImageObject\",\"inLanguage\":\"fr-FR\",\"@id\":\"https:\\\/\\\/www.hmk-aem.ch\\\/fr\\\/#\\\/schema\\\/logo\\\/image\\\/\",\"url\":\"https:\\\/\\\/www.hmk-aem.ch\\\/wp-content\\\/uploads\\\/2023\\\/04\\\/hmk_b_rgb-1.svg\",\"contentUrl\":\"https:\\\/\\\/www.hmk-aem.ch\\\/wp-content\\\/uploads\\\/2023\\\/04\\\/hmk_b_rgb-1.svg\",\"width\":190,\"height\":70,\"caption\":\"HMK \u2013 Hilfe f\u00fcr Mensch und Kirche\"},\"image\":{\"@id\":\"https:\\\/\\\/www.hmk-aem.ch\\\/fr\\\/#\\\/schema\\\/logo\\\/image\\\/\"},\"sameAs\":[\"https:\\\/\\\/www.facebook.com\\\/HMKSchweiz\",\"https:\\\/\\\/www.instagram.com\\\/hmkschweiz\\\/\",\"https:\\\/\\\/www.linkedin.com\\\/company\\\/hmkschweiz\\\/?originalSubdomain=ch\",\"https:\\\/\\\/www.youtube.com\\\/@HMKSchweiz\",\"https:\\\/\\\/vimeo.com\\\/hmkschweiz\"]},{\"@type\":\"Person\",\"@id\":\"https:\\\/\\\/www.hmk-aem.ch\\\/fr\\\/#\\\/schema\\\/person\\\/8f5be306ae02fa2dad2ff607d70c08d9\",\"name\":\"admin\",\"image\":{\"@type\":\"ImageObject\",\"inLanguage\":\"fr-FR\",\"@id\":\"https:\\\/\\\/secure.gravatar.com\\\/avatar\\\/c2727a307ffc0f584e42e30bae0ff7c812582a65a51eaf0b8d46d83b18a305ce?s=96&d=mm&r=g\",\"url\":\"https:\\\/\\\/secure.gravatar.com\\\/avatar\\\/c2727a307ffc0f584e42e30bae0ff7c812582a65a51eaf0b8d46d83b18a305ce?s=96&d=mm&r=g\",\"contentUrl\":\"https:\\\/\\\/secure.gravatar.com\\\/avatar\\\/c2727a307ffc0f584e42e30bae0ff7c812582a65a51eaf0b8d46d83b18a305ce?s=96&d=mm&r=g\",\"caption\":\"admin\"},\"sameAs\":[\"https:\\\/\\\/hmk2023.myemh.ch\"]}]}<\/script>\n<!-- \/ Yoast SEO plugin. -->","yoast_head_json":{"title":"\u00abNous sommes de toute fa\u00e7on m\u00e9pris\u00e9s\u00bb - A\u00c9M","robots":{"index":"index","follow":"follow","max-snippet":"max-snippet:-1","max-image-preview":"max-image-preview:large","max-video-preview":"max-video-preview:-1"},"canonical":"https:\/\/www.hmk-aem.ch\/fr\/nous-sommes-de-toute-facon-meprises\/","og_locale":"fr_FR","og_type":"article","og_title":"\u00abNous sommes de toute fa\u00e7on m\u00e9pris\u00e9s\u00bb - A\u00c9M","og_description":"Peuples turcs: Le pasteur Farrukh* dirige une communaut\u00e9 au Karakalpakstan de plus de cinquante personnes sourdes. Ce minist\u00e8re, qui l\u2019occupe beaucoup, ne lui permet pas de trouver un travail r\u00e9mun\u00e9r\u00e9 pour subvenir aux besoins de sa famille. C\u2019est pourquoi nous l\u2019avons aid\u00e9 en lui offrant deux vaches, dont l\u2019une \u00e9tait gestante. La vente du lait [&hellip;]","og_url":"https:\/\/www.hmk-aem.ch\/fr\/nous-sommes-de-toute-facon-meprises\/","og_site_name":"A\u00c9M","article_publisher":"https:\/\/www.facebook.com\/HMKSchweiz","article_published_time":"2026-09-01T13:00:49+00:00","article_modified_time":"2026-09-01T13:08:02+00:00","og_image":[{"width":1777,"height":1000,"url":"https:\/\/www.hmk-aem.ch\/wp-content\/uploads\/2026\/09\/iStock-2156533060.jpg","type":"image\/jpeg"}],"author":"admin","twitter_card":"summary_large_image","twitter_misc":{"\u00c9crit par":"admin","Dur\u00e9e de lecture estim\u00e9e":"1 minute"},"schema":{"@context":"https:\/\/schema.org","@graph":[{"@type":"Article","@id":"https:\/\/www.hmk-aem.ch\/fr\/nous-sommes-de-toute-facon-meprises\/#article","isPartOf":{"@id":"https:\/\/www.hmk-aem.ch\/fr\/nous-sommes-de-toute-facon-meprises\/"},"author":{"name":"admin","@id":"https:\/\/www.hmk-aem.ch\/fr\/#\/schema\/person\/8f5be306ae02fa2dad2ff607d70c08d9"},"headline":"\u00abNous sommes de toute fa\u00e7on m\u00e9pris\u00e9s\u00bb","datePublished":"2026-09-01T13:00:49+00:00","dateModified":"2026-09-01T13:08:02+00:00","mainEntityOfPage":{"@id":"https:\/\/www.hmk-aem.ch\/fr\/nous-sommes-de-toute-facon-meprises\/"},"wordCount":278,"publisher":{"@id":"https:\/\/www.hmk-aem.ch\/fr\/#organization"},"image":{"@id":"https:\/\/www.hmk-aem.ch\/fr\/nous-sommes-de-toute-facon-meprises\/#primaryimage"},"thumbnailUrl":"https:\/\/www.hmk-aem.ch\/wp-content\/uploads\/2026\/09\/iStock-2156533060.jpg","keywords":["affaires","business","Commune","\u00c9cole","Enfants","HMK","HMK AEM","HMK Suisse","lait","Pasteur","sourds","sourds-muets","Start-up","vache"],"articleSection":["Asie centrale","Peuples turcs","Soutien aux communaut\u00e9s et aux \u00e9glises","T\u00e9moignages"],"inLanguage":"fr-FR"},{"@type":"WebPage","@id":"https:\/\/www.hmk-aem.ch\/fr\/nous-sommes-de-toute-facon-meprises\/","url":"https:\/\/www.hmk-aem.ch\/fr\/nous-sommes-de-toute-facon-meprises\/","name":"\u00abNous sommes de toute fa\u00e7on m\u00e9pris\u00e9s\u00bb - A\u00c9M","isPartOf":{"@id":"https:\/\/www.hmk-aem.ch\/fr\/#website"},"primaryImageOfPage":{"@id":"https:\/\/www.hmk-aem.ch\/fr\/nous-sommes-de-toute-facon-meprises\/#primaryimage"},"image":{"@id":"https:\/\/www.hmk-aem.ch\/fr\/nous-sommes-de-toute-facon-meprises\/#primaryimage"},"thumbnailUrl":"https:\/\/www.hmk-aem.ch\/wp-content\/uploads\/2026\/09\/iStock-2156533060.jpg","datePublished":"2026-09-01T13:00:49+00:00","dateModified":"2026-09-01T13:08:02+00:00","breadcrumb":{"@id":"https:\/\/www.hmk-aem.ch\/fr\/nous-sommes-de-toute-facon-meprises\/#breadcrumb"},"inLanguage":"fr-FR","potentialAction":[{"@type":"ReadAction","target":["https:\/\/www.hmk-aem.ch\/fr\/nous-sommes-de-toute-facon-meprises\/"]}]},{"@type":"ImageObject","inLanguage":"fr-FR","@id":"https:\/\/www.hmk-aem.ch\/fr\/nous-sommes-de-toute-facon-meprises\/#primaryimage","url":"https:\/\/www.hmk-aem.ch\/wp-content\/uploads\/2026\/09\/iStock-2156533060.jpg","contentUrl":"https:\/\/www.hmk-aem.ch\/wp-content\/uploads\/2026\/09\/iStock-2156533060.jpg","width":1777,"height":1000,"caption":"2156533060"},{"@type":"BreadcrumbList","@id":"https:\/\/www.hmk-aem.ch\/fr\/nous-sommes-de-toute-facon-meprises\/#breadcrumb","itemListElement":[{"@type":"ListItem","position":1,"name":"Startseite","item":"https:\/\/www.hmk-aem.ch\/fr\/"},{"@type":"ListItem","position":2,"name":"\u00abNous sommes de toute fa\u00e7on m\u00e9pris\u00e9s\u00bb"}]},{"@type":"WebSite","@id":"https:\/\/www.hmk-aem.ch\/fr\/#website","url":"https:\/\/www.hmk-aem.ch\/fr\/","name":"HMK \u2013 Hilfe f\u00fcr Mensch und Kirche","description":"Aide \u00e0 l&#039;homme et \u00e0 l&#039;\u00c9glise","publisher":{"@id":"https:\/\/www.hmk-aem.ch\/fr\/#organization"},"potentialAction":[{"@type":"SearchAction","target":{"@type":"EntryPoint","urlTemplate":"https:\/\/www.hmk-aem.ch\/fr\/?s={search_term_string}"},"query-input":{"@type":"PropertyValueSpecification","valueRequired":true,"valueName":"search_term_string"}}],"inLanguage":"fr-FR"},{"@type":"Organization","@id":"https:\/\/www.hmk-aem.ch\/fr\/#organization","name":"HMK \u2013 Hilfe f\u00fcr Mensch und Kirche","url":"https:\/\/www.hmk-aem.ch\/fr\/","logo":{"@type":"ImageObject","inLanguage":"fr-FR","@id":"https:\/\/www.hmk-aem.ch\/fr\/#\/schema\/logo\/image\/","url":"https:\/\/www.hmk-aem.ch\/wp-content\/uploads\/2023\/04\/hmk_b_rgb-1.svg","contentUrl":"https:\/\/www.hmk-aem.ch\/wp-content\/uploads\/2023\/04\/hmk_b_rgb-1.svg","width":190,"height":70,"caption":"HMK \u2013 Hilfe f\u00fcr Mensch und Kirche"},"image":{"@id":"https:\/\/www.hmk-aem.ch\/fr\/#\/schema\/logo\/image\/"},"sameAs":["https:\/\/www.facebook.com\/HMKSchweiz","https:\/\/www.instagram.com\/hmkschweiz\/","https:\/\/www.linkedin.com\/company\/hmkschweiz\/?originalSubdomain=ch","https:\/\/www.youtube.com\/@HMKSchweiz","https:\/\/vimeo.com\/hmkschweiz"]},{"@type":"Person","@id":"https:\/\/www.hmk-aem.ch\/fr\/#\/schema\/person\/8f5be306ae02fa2dad2ff607d70c08d9","name":"admin","image":{"@type":"ImageObject","inLanguage":"fr-FR","@id":"https:\/\/secure.gravatar.com\/avatar\/c2727a307ffc0f584e42e30bae0ff7c812582a65a51eaf0b8d46d83b18a305ce?s=96&d=mm&r=g","url":"https:\/\/secure.gravatar.com\/avatar\/c2727a307ffc0f584e42e30bae0ff7c812582a65a51eaf0b8d46d83b18a305ce?s=96&d=mm&r=g","contentUrl":"https:\/\/secure.gravatar.com\/avatar\/c2727a307ffc0f584e42e30bae0ff7c812582a65a51eaf0b8d46d83b18a305ce?s=96&d=mm&r=g","caption":"admin"},"sameAs":["https:\/\/hmk2023.myemh.ch"]}]}},"_links":{"self":[{"href":"https:\/\/www.hmk-aem.ch\/fr\/wp-json\/wp\/v2\/posts\/33481","targetHints":{"allow":["GET"]}}],"collection":[{"href":"https:\/\/www.hmk-aem.ch\/fr\/wp-json\/wp\/v2\/posts"}],"about":[{"href":"https:\/\/www.hmk-aem.ch\/fr\/wp-json\/wp\/v2\/types\/post"}],"author":[{"embeddable":true,"href":"https:\/\/www.hmk-aem.ch\/fr\/wp-json\/wp\/v2\/users\/1"}],"replies":[{"embeddable":true,"href":"https:\/\/www.hmk-aem.ch\/fr\/wp-json\/wp\/v2\/comments?post=33481"}],"version-history":[{"count":1,"href":"https:\/\/www.hmk-aem.ch\/fr\/wp-json\/wp\/v2\/posts\/33481\/revisions"}],"predecessor-version":[{"id":33482,"href":"https:\/\/www.hmk-aem.ch\/fr\/wp-json\/wp\/v2\/posts\/33481\/revisions\/33482"}],"wp:featuredmedia":[{"embeddable":true,"href":"https:\/\/www.hmk-aem.ch\/fr\/wp-json\/wp\/v2\/media\/33476"}],"wp:attachment":[{"href":"https:\/\/www.hmk-aem.ch\/fr\/wp-json\/wp\/v2\/media?parent=33481"}],"wp:term":[{"taxonomy":"category","embeddable":true,"href":"https:\/\/www.hmk-aem.ch\/fr\/wp-json\/wp\/v2\/categories?post=33481"},{"taxonomy":"post_tag","embeddable":true,"href":"https:\/\/www.hmk-aem.ch\/fr\/wp-json\/wp\/v2\/tags?post=33481"}],"curies":[{"name":"wp","href":"https:\/\/api.w.org\/{rel}","templated":true}]}}